{"id":4706,"date":"2024-12-04T09:11:03","date_gmt":"2024-12-04T09:11:03","guid":{"rendered":"https:\/\/amsel.es\/?p=4706"},"modified":"2024-12-04T09:11:05","modified_gmt":"2024-12-04T09:11:05","slug":"diciembre-de-2024","status":"publish","type":"post","link":"https:\/\/amsel.es\/ca\/2024\/12\/04\/diciembre-de-2024\/","title":{"rendered":"Diciembre de 2024"},"content":{"rendered":"\n<figure class=\"wp-block-table\"><table class=\"has-fixed-layout\"><thead><tr><th>L<\/th><th>M<\/th><th>X<\/th><th>J<\/th><th>V<\/th><th>S<\/th><th>D<\/th><\/tr><\/thead><tbody><tr><td><\/td><td><\/td><td><\/td><td><\/td><td><\/td><td><\/td><td>1<\/td><\/tr><tr><td><a href=\"https:\/\/sede.agenciatributaria.gob.es\/Sede\/ayuda\/calendario-contribuyente\/calendario-contribuyente-2024\/calendario-anual\/diciembre\/hasta-2-diciembre.html\">2<\/a><\/td><td>3<\/td><td>4<\/td><td>5<\/td><td>6<\/td><td>7<\/td><td>8<\/td><\/tr><tr><td>9<\/td><td>10<\/td><td>11<\/td><td><a href=\"https:\/\/sede.agenciatributaria.gob.es\/Sede\/ayuda\/calendario-contribuyente\/calendario-contribuyente-2024\/calendario-anual\/diciembre\/hasta-12-diciembre.html\">12<\/a><\/td><td>13<\/td><td>14<\/td><td>15<\/td><\/tr><tr><td>16<\/td><td>17<\/td><td>18<\/td><td>19<\/td><td><a href=\"https:\/\/sede.agenciatributaria.gob.es\/Sede\/ayuda\/calendario-contribuyente\/calendario-contribuyente-2024\/calendario-anual\/diciembre\/hasta-20-diciembre.html\">20<\/a><\/td><td>21<\/td><td>22<\/td><\/tr><tr><td>23<\/td><td>24<\/td><td>25<\/td><td>26<\/td><td>27<\/td><td>28<\/td><td>29<\/td><\/tr><tr><td><a href=\"https:\/\/sede.agenciatributaria.gob.es\/Sede\/ayuda\/calendario-contribuyente\/calendario-contribuyente-2024\/calendario-anual\/diciembre\/hasta-30-diciembre.html\">30<\/a><\/td><td><a href=\"https:\/\/sede.agenciatributaria.gob.es\/Sede\/ayuda\/calendario-contribuyente\/calendario-contribuyente-2024\/calendario-anual\/diciembre\/hasta-31-diciembre.html\">31<\/a><\/td><td><\/td><td><\/td><td><\/td><\/tr><\/tbody><\/table><\/figure>\n\n\n\n<h1 class=\"wp-block-heading\" id=\"js-nombre-canal\">Hasta el 2 de diciembre<\/h1>\n\n\n\n<h2 class=\"wp-block-heading has-medium-font-size\">IVA<\/h2>\n\n\n\n<ul class=\"wp-block-list\">\n<li>Octubre 2024. Autoliquidaci\u00f3n: 303<\/li>\n\n\n\n<li>Octubre 2024. Grupo de entidades, modelo individual: 322<\/li>\n\n\n\n<li>Octubre 2024. Grupo de entidades, modelo agregado: 353<\/li>\n\n\n\n<li>Octubre 2024. Operaciones asimiladas a las importaciones: 380<\/li>\n\n\n\n<li>Solicitud de inscripci\u00f3n\/baja. Registro de devoluci\u00f3n mensual: 036<\/li>\n\n\n\n<li>Solicitud aplicaci\u00f3n r\u00e9gimen de deducci\u00f3n com\u00fan para sectores diferenciados para 2025: sin modelo<\/li>\n\n\n\n<li>SII. Renuncia a la llevanza electr\u00f3nica de los libros registro: 036<\/li>\n<\/ul>\n\n\n\n<h2 class=\"wp-block-heading has-medium-font-size\">Impuestos Medioambientales<\/h2>\n\n\n\n<ul class=\"wp-block-list\">\n<li>Octubre 2024. Impuesto especial sobre los envases de pl\u00e1stico no reutilizables. Presentaci\u00f3n contabilidad y libro registro de existencias<\/li>\n\n\n\n<li>A\u00f1o 2023. Impuesto sobre el valor de la producci\u00f3n de la energ\u00eda el\u00e9ctrica. Autoliquidaci\u00f3n anual: 583<\/li>\n\n\n\n<li>A\u00f1o 2024: Impuesto sobre el valor de la producci\u00f3n de la energ\u00eda el\u00e9ctrica. Autoliquidaci\u00f3n anual por cese de actividad de enero a octubre de 2024: 588<\/li>\n<\/ul>\n\n\n\n<h2 class=\"wp-block-heading has-medium-font-size\">Declaraci\u00f3n informativa de operaciones vinculadas y de operaciones y situaciones relacionadas con pa\u00edses o territorios calificados como para\u00edsos fiscales<\/h2>\n\n\n\n<ul class=\"wp-block-list\">\n<li>A\u00f1o 2023: Entidades cuyo per\u00edodo impositivo coincida con el a\u00f1o natural: 232Resto de entidades: en el mes siguiente a los diez meses posteriores al fin del per\u00edodo impositivo.<\/li>\n<\/ul>\n\n\n\n<h1 class=\"wp-block-heading\" id=\"js-nombre-canal\">Hasta el 12 de diciembre<\/h1>\n\n\n\n<h2 class=\"wp-block-heading has-medium-font-size\">INTRASTAT &#8211; Estad\u00edstica Comercio Intracomunitario<\/h2>\n\n\n\n<ul class=\"wp-block-list\">\n<li>Noviembre 2024. Obligados a suministrar informaci\u00f3n estad\u00edstica<\/li>\n<\/ul>\n\n\n\n<h1 class=\"wp-block-heading\" id=\"js-nombre-canal\">Hasta el 20 de diciembre<\/h1>\n\n\n\n<h2 class=\"wp-block-heading has-medium-font-size\">Renta y Sociedades<\/h2>\n\n\n\n<p>Retenciones e ingresos a cuenta de rendimientos del trabajo, actividades econ\u00f3micas, premios y determinadas ganancias patrimoniales e imputaciones de renta, ganancias derivadas de acciones y participaciones de las Instituciones de Inversi\u00f3n Colectiva, rentas de arrendamiento de inmuebles urbanos, capital mobiliario, personas autorizadas y saldos en cuentas.<\/p>\n\n\n\n<ul class=\"wp-block-list\">\n<li>Noviembre 2024. Grandes empresas: 111, 115, 117, 123, 124, 126, 128, 216, 230<\/li>\n<\/ul>\n\n\n\n<h3 class=\"wp-block-heading has-medium-font-size\">Pagos fraccionados Sociedades y establecimientos permanentes de no residentes<\/h3>\n\n\n\n<ul class=\"wp-block-list\">\n<li>Ejercicio en curso:\n<ul class=\"wp-block-list\">\n<li>R\u00e9gimen general: 202<\/li>\n\n\n\n<li>R\u00e9gimen de consolidaci\u00f3n fiscal (grupos fiscales): 222<\/li>\n<\/ul>\n<\/li>\n<\/ul>\n\n\n\n<h2 class=\"wp-block-heading has-medium-font-size\">IVA<\/h2>\n\n\n\n<ul class=\"wp-block-list\">\n<li>Noviembre 2024. Declaraci\u00f3n recapitulativa de operaciones intracomunitarias: 349<\/li>\n<\/ul>\n\n\n\n<h2 class=\"wp-block-heading has-medium-font-size\">Impuesto sobre las Primas de Seguros<\/h2>\n\n\n\n<ul class=\"wp-block-list\">\n<li>Noviembre 2024: 430<\/li>\n<\/ul>\n\n\n\n<h2 class=\"wp-block-heading has-medium-font-size\">Impuestos Especiales de Fabricaci\u00f3n<\/h2>\n\n\n\n<ul class=\"wp-block-list\">\n<li>Septiembre 2024. Grandes empresas: 561, 562, 563<\/li>\n\n\n\n<li>Noviembre 2024: 548, 566, 581<\/li>\n\n\n\n<li>Declaraci\u00f3n de operaciones por los destinatarios registrados, representantes fiscales y receptores autorizados: 510<\/li>\n<\/ul>\n\n\n\n<h2 class=\"wp-block-heading has-medium-font-size\">Impuesto Especial sobre la Electricidad<\/h2>\n\n\n\n<ul class=\"wp-block-list\">\n<li>Noviembre 2024. Grandes empresas: 560\u00a0<\/li>\n<\/ul>\n\n\n\n<h2 class=\"wp-block-heading has-medium-font-size\">Impuestos Medioambientales<\/h2>\n\n\n\n<ul class=\"wp-block-list\">\n<li>Noviembre 2024. Impuesto especial sobre los envases de pl\u00e1stico no reutilizables. Autoliquidaci\u00f3n: 592<\/li>\n\n\n\n<li>A\u00f1o 2023. Impuesto sobre el valor de la producci\u00f3n de la energ\u00eda el\u00e9ctrica. Declaraci\u00f3n informativa anual de operaciones con contribuyentes: 591<\/li>\n\n\n\n<li>A\u00f1o 2024. Impuesto sobre la producci\u00f3n de combustible nuclear gastado y residuos radiactivos resultantes de la generaci\u00f3n de energ\u00eda nucleoel\u00e9ctrica. Segundo pago fraccionado: 584<\/li>\n<\/ul>\n\n\n\n<h2 class=\"wp-block-heading has-medium-font-size\">Impuesto sobre las Transacciones Financieras<\/h2>\n\n\n\n<ul class=\"wp-block-list\">\n<li>Noviembre 2024: 604<\/li>\n<\/ul>\n\n\n\n<h1 class=\"wp-block-heading has-medium-font-size\" id=\"js-nombre-canal\">Hasta el 30 de diciembre<\/h1>\n\n\n\n<h2 class=\"wp-block-heading\">IVA<\/h2>\n\n\n\n<ul class=\"wp-block-list\">\n<li>Noviembre 2024. Autoliquidaci\u00f3n: 303<\/li>\n\n\n\n<li>Noviembre 2024. Grupo de entidades, modelo individual: 322<\/li>\n\n\n\n<li>Noviembre 2024. Grupo de entidades, modelo agregado: 353<\/li>\n\n\n\n<li>Noviembre 2024. Operaciones asimiladas a las importaciones: 380<\/li>\n<\/ul>\n\n\n\n<h1 class=\"wp-block-heading has-medium-font-size\" id=\"js-nombre-canal\">Hasta el 31 de diciembre<\/h1>\n\n\n\n<h2 class=\"wp-block-heading has-medium-font-size\">Renta<\/h2>\n\n\n\n<ul class=\"wp-block-list\">\n<li>Renuncia o revocaci\u00f3n estimaci\u00f3n directa simplificada y estimaci\u00f3n objetiva para 2025\u00a0y sucesivos: 036\/037<\/li>\n<\/ul>\n\n\n\n<h2 class=\"wp-block-heading has-medium-font-size\">IVA<\/h2>\n\n\n\n<ul class=\"wp-block-list\">\n<li>Noviembre 2024. Ventanilla \u00fanica &#8211; R\u00e9gimen de importaci\u00f3n: 369<\/li>\n\n\n\n<li>Segundo trimestre 2024: solicitud de reembolso de las cuotas tributarias soportadas por las fuerzas armadas de los Estados miembros de la\u00a0UE: 381<\/li>\n\n\n\n<li>Renuncia o revocaci\u00f3n reg\u00edmenes simplificado y agricultura, ganader\u00eda y pesca para 2025 y sucesivos: 036\/037<\/li>\n\n\n\n<li>Opci\u00f3n o revocaci\u00f3n por la determinaci\u00f3n de la base imponible mediante el margen de beneficio global en el r\u00e9gimen especial de los bienes usados, objetos de arte, antig\u00fcedades y objetos de colecci\u00f3n para 2025 y sucesivos: 036<\/li>\n\n\n\n<li>Opci\u00f3n tributaci\u00f3n en destino ventas a distancia a otros pa\u00edses de la Uni\u00f3n Europea para 2025 y 2026: 036<\/li>\n\n\n\n<li>Renuncia r\u00e9gimen de deducci\u00f3n com\u00fan para sectores diferenciados para 2025: sin modelo<\/li>\n\n\n\n<li>Comunicaci\u00f3n de alta en el r\u00e9gimen especial del grupo de entidades: 039<\/li>\n\n\n\n<li>Opci\u00f3n o renuncia por la modalidad avanzada del r\u00e9gimen especial del grupo de entidades: 039<\/li>\n\n\n\n<li>Comunicaci\u00f3n anual relativa al r\u00e9gimen especial del grupo de entidades: 039<\/li>\n\n\n\n<li>Opci\u00f3n por el r\u00e9gimen especial del criterio de caja para 2025: 036\/037<\/li>\n\n\n\n<li>Renuncia al r\u00e9gimen especial del criterio de caja para 2025, 2026 y 2027: 036\/037<\/li>\n<\/ul>\n\n\n\n<h2 class=\"wp-block-heading has-medium-font-size\">Impuestos Medioambientales<\/h2>\n\n\n\n<ul class=\"wp-block-list\">\n<li>Noviembre 2024. Impuesto especial sobre los envases de pl\u00e1stico no reutilizables. Presentaci\u00f3n contabilidad y libro registro de existencias<\/li>\n<\/ul>\n\n\n\n<h2 class=\"wp-block-heading has-medium-font-size\">Declaraci\u00f3n de informaci\u00f3n de la utilizaci\u00f3n de determinados mecanismos transfronterizos de planificaci\u00f3n fiscal<\/h2>\n\n\n\n<ul class=\"wp-block-list\">\n<li>A\u00f1o 2023: 236<\/li>\n<\/ul>\n","protected":false},"excerpt":{"rendered":"<p>L M X J V S D 1 2 3 4 5 6 7 8 9 10 11 12 13 14 15 16 17 18 19 20 21 22 23 24 25 26 27 28 29 30 31 Hasta el 2 de diciembre IVA Impuestos Medioambientales Declaraci\u00f3n informativa de operaciones vinculadas y de operaciones y [&hellip;]<\/p>\n","protected":false},"author":2,"featured_media":0,"comment_status":"closed","ping_status":"closed","sticky":false,"template":"","format":"standard","meta":{"_acf_changed":false,"footnotes":""},"categories":[38],"tags":[],"class_list":["post-4706","post","type-post","status-publish","format-standard","hentry","category-calendario"],"acf":[],"yoast_head":"<!-- This site is optimized with the Yoast SEO plugin v25.9 - https:\/\/yoast.com\/wordpress\/plugins\/seo\/ -->\n<title>Diciembre de 2024 - Amsel Assessors<\/title>\n<meta name=\"robots\" content=\"index, follow, max-snippet:-1, max-image-preview:large, max-video-preview:-1\" \/>\n<link rel=\"canonical\" href=\"https:\/\/amsel.es\/ca\/2024\/12\/04\/diciembre-de-2024\/\" \/>\n<meta property=\"og:locale\" content=\"ca_ES\" \/>\n<meta property=\"og:type\" content=\"article\" \/>\n<meta property=\"og:title\" content=\"Diciembre de 2024 - Amsel Assessors\" \/>\n<meta property=\"og:description\" content=\"L M X J V S D 1 2 3 4 5 6 7 8 9 10 11 12 13 14 15 16 17 18 19 20 21 22 23 24 25 26 27 28 29 30 31 Hasta el 2 de diciembre IVA Impuestos Medioambientales Declaraci\u00f3n informativa de operaciones vinculadas y de operaciones y [&hellip;]\" \/>\n<meta property=\"og:url\" content=\"https:\/\/amsel.es\/ca\/2024\/12\/04\/diciembre-de-2024\/\" \/>\n<meta property=\"og:site_name\" content=\"Amsel Assessors\" \/>\n<meta property=\"article:published_time\" content=\"2024-12-04T09:11:03+00:00\" \/>\n<meta property=\"article:modified_time\" content=\"2024-12-04T09:11:05+00:00\" \/>\n<meta name=\"author\" content=\"Amsel\" \/>\n<meta name=\"twitter:card\" content=\"summary_large_image\" \/>\n<meta name=\"twitter:label1\" content=\"Escrit per\" \/>\n\t<meta name=\"twitter:data1\" content=\"Amsel\" \/>\n\t<meta name=\"twitter:label2\" content=\"Temps estimat de lectura\" \/>\n\t<meta name=\"twitter:data2\" content=\"4 minuts\" \/>\n<script type=\"application\/ld+json\" class=\"yoast-schema-graph\">{\"@context\":\"https:\/\/schema.org\",\"@graph\":[{\"@type\":\"Article\",\"@id\":\"https:\/\/amsel.es\/ca\/2024\/12\/04\/diciembre-de-2024\/#article\",\"isPartOf\":{\"@id\":\"https:\/\/amsel.es\/ca\/2024\/12\/04\/diciembre-de-2024\/\"},\"author\":{\"name\":\"Amsel\",\"@id\":\"https:\/\/amsel.es\/ca\/#\/schema\/person\/f585214e4001baae3be0354e81cfd40b\"},\"headline\":\"Diciembre de 2024\",\"datePublished\":\"2024-12-04T09:11:03+00:00\",\"dateModified\":\"2024-12-04T09:11:05+00:00\",\"mainEntityOfPage\":{\"@id\":\"https:\/\/amsel.es\/ca\/2024\/12\/04\/diciembre-de-2024\/\"},\"wordCount\":681,\"publisher\":{\"@id\":\"https:\/\/amsel.es\/ca\/#organization\"},\"articleSection\":[\"Calendario\"],\"inLanguage\":\"ca\"},{\"@type\":\"WebPage\",\"@id\":\"https:\/\/amsel.es\/ca\/2024\/12\/04\/diciembre-de-2024\/\",\"url\":\"https:\/\/amsel.es\/ca\/2024\/12\/04\/diciembre-de-2024\/\",\"name\":\"Diciembre de 2024 - Amsel Assessors\",\"isPartOf\":{\"@id\":\"https:\/\/amsel.es\/ca\/#website\"},\"datePublished\":\"2024-12-04T09:11:03+00:00\",\"dateModified\":\"2024-12-04T09:11:05+00:00\",\"breadcrumb\":{\"@id\":\"https:\/\/amsel.es\/ca\/2024\/12\/04\/diciembre-de-2024\/#breadcrumb\"},\"inLanguage\":\"ca\",\"potentialAction\":[{\"@type\":\"ReadAction\",\"target\":[\"https:\/\/amsel.es\/ca\/2024\/12\/04\/diciembre-de-2024\/\"]}]},{\"@type\":\"BreadcrumbList\",\"@id\":\"https:\/\/amsel.es\/ca\/2024\/12\/04\/diciembre-de-2024\/#breadcrumb\",\"itemListElement\":[{\"@type\":\"ListItem\",\"position\":1,\"name\":\"Portada\",\"item\":\"https:\/\/amsel.es\/ca\/\"},{\"@type\":\"ListItem\",\"position\":2,\"name\":\"Diciembre de 2024\"}]},{\"@type\":\"WebSite\",\"@id\":\"https:\/\/amsel.es\/ca\/#website\",\"url\":\"https:\/\/amsel.es\/ca\/\",\"name\":\"Amsel Assessors\",\"description\":\"\",\"publisher\":{\"@id\":\"https:\/\/amsel.es\/ca\/#organization\"},\"potentialAction\":[{\"@type\":\"SearchAction\",\"target\":{\"@type\":\"EntryPoint\",\"urlTemplate\":\"https:\/\/amsel.es\/ca\/?s={search_term_string}\"},\"query-input\":{\"@type\":\"PropertyValueSpecification\",\"valueRequired\":true,\"valueName\":\"search_term_string\"}}],\"inLanguage\":\"ca\"},{\"@type\":\"Organization\",\"@id\":\"https:\/\/amsel.es\/ca\/#organization\",\"name\":\"Amsel Assessors\",\"url\":\"https:\/\/amsel.es\/ca\/\",\"logo\":{\"@type\":\"ImageObject\",\"inLanguage\":\"ca\",\"@id\":\"https:\/\/amsel.es\/ca\/#\/schema\/logo\/image\/\",\"url\":\"https:\/\/amsel.es\/wp-content\/uploads\/2023\/04\/logo3.png\",\"contentUrl\":\"https:\/\/amsel.es\/wp-content\/uploads\/2023\/04\/logo3.png\",\"width\":199,\"height\":84,\"caption\":\"Amsel Assessors\"},\"image\":{\"@id\":\"https:\/\/amsel.es\/ca\/#\/schema\/logo\/image\/\"}},{\"@type\":\"Person\",\"@id\":\"https:\/\/amsel.es\/ca\/#\/schema\/person\/f585214e4001baae3be0354e81cfd40b\",\"name\":\"Amsel\",\"image\":{\"@type\":\"ImageObject\",\"inLanguage\":\"ca\",\"@id\":\"https:\/\/amsel.es\/ca\/#\/schema\/person\/image\/\",\"url\":\"https:\/\/secure.gravatar.com\/avatar\/ce6659fda9a1106aed987dcc865b17b8341f7a1ec22ae0c91ac3d392a5be48bd?s=96&d=mm&r=g\",\"contentUrl\":\"https:\/\/secure.gravatar.com\/avatar\/ce6659fda9a1106aed987dcc865b17b8341f7a1ec22ae0c91ac3d392a5be48bd?s=96&d=mm&r=g\",\"caption\":\"Amsel\"},\"url\":\"https:\/\/amsel.es\/ca\/author\/amsel\/\"}]}<\/script>\n<!-- \/ Yoast SEO plugin. -->","yoast_head_json":{"title":"Diciembre de 2024 - Amsel Assessors","robots":{"index":"index","follow":"follow","max-snippet":"max-snippet:-1","max-image-preview":"max-image-preview:large","max-video-preview":"max-video-preview:-1"},"canonical":"https:\/\/amsel.es\/ca\/2024\/12\/04\/diciembre-de-2024\/","og_locale":"ca_ES","og_type":"article","og_title":"Diciembre de 2024 - Amsel Assessors","og_description":"L M X J V S D 1 2 3 4 5 6 7 8 9 10 11 12 13 14 15 16 17 18 19 20 21 22 23 24 25 26 27 28 29 30 31 Hasta el 2 de diciembre IVA Impuestos Medioambientales Declaraci\u00f3n informativa de operaciones vinculadas y de operaciones y [&hellip;]","og_url":"https:\/\/amsel.es\/ca\/2024\/12\/04\/diciembre-de-2024\/","og_site_name":"Amsel Assessors","article_published_time":"2024-12-04T09:11:03+00:00","article_modified_time":"2024-12-04T09:11:05+00:00","author":"Amsel","twitter_card":"summary_large_image","twitter_misc":{"Escrit per":"Amsel","Temps estimat de lectura":"4 minuts"},"schema":{"@context":"https:\/\/schema.org","@graph":[{"@type":"Article","@id":"https:\/\/amsel.es\/ca\/2024\/12\/04\/diciembre-de-2024\/#article","isPartOf":{"@id":"https:\/\/amsel.es\/ca\/2024\/12\/04\/diciembre-de-2024\/"},"author":{"name":"Amsel","@id":"https:\/\/amsel.es\/ca\/#\/schema\/person\/f585214e4001baae3be0354e81cfd40b"},"headline":"Diciembre de 2024","datePublished":"2024-12-04T09:11:03+00:00","dateModified":"2024-12-04T09:11:05+00:00","mainEntityOfPage":{"@id":"https:\/\/amsel.es\/ca\/2024\/12\/04\/diciembre-de-2024\/"},"wordCount":681,"publisher":{"@id":"https:\/\/amsel.es\/ca\/#organization"},"articleSection":["Calendario"],"inLanguage":"ca"},{"@type":"WebPage","@id":"https:\/\/amsel.es\/ca\/2024\/12\/04\/diciembre-de-2024\/","url":"https:\/\/amsel.es\/ca\/2024\/12\/04\/diciembre-de-2024\/","name":"Diciembre de 2024 - Amsel Assessors","isPartOf":{"@id":"https:\/\/amsel.es\/ca\/#website"},"datePublished":"2024-12-04T09:11:03+00:00","dateModified":"2024-12-04T09:11:05+00:00","breadcrumb":{"@id":"https:\/\/amsel.es\/ca\/2024\/12\/04\/diciembre-de-2024\/#breadcrumb"},"inLanguage":"ca","potentialAction":[{"@type":"ReadAction","target":["https:\/\/amsel.es\/ca\/2024\/12\/04\/diciembre-de-2024\/"]}]},{"@type":"BreadcrumbList","@id":"https:\/\/amsel.es\/ca\/2024\/12\/04\/diciembre-de-2024\/#breadcrumb","itemListElement":[{"@type":"ListItem","position":1,"name":"Portada","item":"https:\/\/amsel.es\/ca\/"},{"@type":"ListItem","position":2,"name":"Diciembre de 2024"}]},{"@type":"WebSite","@id":"https:\/\/amsel.es\/ca\/#website","url":"https:\/\/amsel.es\/ca\/","name":"Amsel Assessors","description":"","publisher":{"@id":"https:\/\/amsel.es\/ca\/#organization"},"potentialAction":[{"@type":"SearchAction","target":{"@type":"EntryPoint","urlTemplate":"https:\/\/amsel.es\/ca\/?s={search_term_string}"},"query-input":{"@type":"PropertyValueSpecification","valueRequired":true,"valueName":"search_term_string"}}],"inLanguage":"ca"},{"@type":"Organization","@id":"https:\/\/amsel.es\/ca\/#organization","name":"Amsel Assessors","url":"https:\/\/amsel.es\/ca\/","logo":{"@type":"ImageObject","inLanguage":"ca","@id":"https:\/\/amsel.es\/ca\/#\/schema\/logo\/image\/","url":"https:\/\/amsel.es\/wp-content\/uploads\/2023\/04\/logo3.png","contentUrl":"https:\/\/amsel.es\/wp-content\/uploads\/2023\/04\/logo3.png","width":199,"height":84,"caption":"Amsel Assessors"},"image":{"@id":"https:\/\/amsel.es\/ca\/#\/schema\/logo\/image\/"}},{"@type":"Person","@id":"https:\/\/amsel.es\/ca\/#\/schema\/person\/f585214e4001baae3be0354e81cfd40b","name":"Amsel","image":{"@type":"ImageObject","inLanguage":"ca","@id":"https:\/\/amsel.es\/ca\/#\/schema\/person\/image\/","url":"https:\/\/secure.gravatar.com\/avatar\/ce6659fda9a1106aed987dcc865b17b8341f7a1ec22ae0c91ac3d392a5be48bd?s=96&d=mm&r=g","contentUrl":"https:\/\/secure.gravatar.com\/avatar\/ce6659fda9a1106aed987dcc865b17b8341f7a1ec22ae0c91ac3d392a5be48bd?s=96&d=mm&r=g","caption":"Amsel"},"url":"https:\/\/amsel.es\/ca\/author\/amsel\/"}]}},"_links":{"self":[{"href":"https:\/\/amsel.es\/ca\/wp-json\/wp\/v2\/posts\/4706","targetHints":{"allow":["GET"]}}],"collection":[{"href":"https:\/\/amsel.es\/ca\/wp-json\/wp\/v2\/posts"}],"about":[{"href":"https:\/\/amsel.es\/ca\/wp-json\/wp\/v2\/types\/post"}],"author":[{"embeddable":true,"href":"https:\/\/amsel.es\/ca\/wp-json\/wp\/v2\/users\/2"}],"replies":[{"embeddable":true,"href":"https:\/\/amsel.es\/ca\/wp-json\/wp\/v2\/comments?post=4706"}],"version-history":[{"count":2,"href":"https:\/\/amsel.es\/ca\/wp-json\/wp\/v2\/posts\/4706\/revisions"}],"predecessor-version":[{"id":4708,"href":"https:\/\/amsel.es\/ca\/wp-json\/wp\/v2\/posts\/4706\/revisions\/4708"}],"wp:attachment":[{"href":"https:\/\/amsel.es\/ca\/wp-json\/wp\/v2\/media?parent=4706"}],"wp:term":[{"taxonomy":"category","embeddable":true,"href":"https:\/\/amsel.es\/ca\/wp-json\/wp\/v2\/categories?post=4706"},{"taxonomy":"post_tag","embeddable":true,"href":"https:\/\/amsel.es\/ca\/wp-json\/wp\/v2\/tags?post=4706"}],"curies":[{"name":"wp","href":"https:\/\/api.w.org\/{rel}","templated":true}]}}