{"id":4717,"date":"2024-12-24T13:24:21","date_gmt":"2024-12-24T13:24:21","guid":{"rendered":"https:\/\/amsel.es\/?p=4717"},"modified":"2024-12-24T13:24:23","modified_gmt":"2024-12-24T13:24:23","slug":"enero-2025","status":"publish","type":"post","link":"https:\/\/amsel.es\/en\/2024\/12\/24\/enero-2025\/","title":{"rendered":"Enero 2025"},"content":{"rendered":"\n<figure class=\"wp-block-table\"><table class=\"has-fixed-layout\"><thead><tr><th>L<\/th><th>M<\/th><th>X<\/th><th>J<\/th><th>V<\/th><th>S<\/th><th>D<\/th><\/tr><\/thead><tbody><tr><td><\/td><td><\/td><td>1<\/td><td>2<\/td><td>3<\/td><td>4<\/td><td>5<\/td><\/tr><tr><td>6<\/td><td>7<\/td><td>8<\/td><td>9<\/td><td>10<\/td><td>11<\/td><td>12<\/td><\/tr><tr><td><a href=\"https:\/\/sede.agenciatributaria.gob.es\/Sede\/ayuda\/calendario-contribuyente\/calendario-contribuyente-2025\/calendario-anual\/enero\/hasta-13-enero.html\">13<\/a><\/td><td>14<\/td><td>15<\/td><td>16<\/td><td>17<\/td><td>18<\/td><td>19<\/td><\/tr><tr><td><a href=\"https:\/\/sede.agenciatributaria.gob.es\/Sede\/ayuda\/calendario-contribuyente\/calendario-contribuyente-2025\/calendario-anual\/enero\/hasta-20-enero.html\">20<\/a><\/td><td>21<\/td><td>22<\/td><td>23<\/td><td>24<\/td><td>25<\/td><td>26<\/td><\/tr><tr><td>27<\/td><td>28<\/td><td>29<\/td><td><a href=\"https:\/\/sede.agenciatributaria.gob.es\/Sede\/ayuda\/calendario-contribuyente\/calendario-contribuyente-2025\/calendario-anual\/enero\/hasta-30-enero.html\">30<\/a><\/td><td><a href=\"https:\/\/sede.agenciatributaria.gob.es\/Sede\/ayuda\/calendario-contribuyente\/calendario-contribuyente-2025\/calendario-anual\/enero\/hasta-31-enero.html\">31<\/a><\/td><\/tr><\/tbody><\/table><\/figure>\n\n\n\n<h1 class=\"wp-block-heading has-medium-font-size\" id=\"js-nombre-canal\">Hasta el 13 de enero<\/h1>\n\n\n\n<h2 class=\"wp-block-heading has-medium-font-size\">INTRASTAT &#8211; Estad\u00edstica Comercio Intracomunitario<\/h2>\n\n\n\n<ul class=\"wp-block-list\">\n<li>Diciembre 2024. Obligados a suministrar informaci\u00f3n estad\u00edstica<\/li>\n<\/ul>\n\n\n\n<h1 class=\"wp-block-heading has-medium-font-size\" id=\"js-nombre-canal\">Hasta el 20 de enero<\/h1>\n\n\n\n<h2 class=\"wp-block-heading has-medium-font-size\">Renta y Sociedades<\/h2>\n\n\n\n<p>Retenciones e ingresos a cuenta de rendimientos del trabajo, actividades econ\u00f3micas, premios y determinadas ganancias patrimoniales e imputaciones de renta, ganancias derivadas de acciones y participaciones de las Instituciones de Inversi\u00f3n Colectiva, rentas de arrendamiento de inmuebles urbanos, capital mobiliario, personas autorizadas y saldos en cuentas y, de rentas de no residentes obtenidas sin establecimiento permanente.<\/p>\n\n\n\n<ul class=\"wp-block-list\">\n<li>Diciembre 2024. Grandes empresas: 111, 115, 117, 123, 124, 126, 128, 216, 230<\/li>\n\n\n\n<li>Cuarto trimestre 2024: 111, 115, 117, 123, 124, 126, 128, 136, 210, 216<\/li>\n<\/ul>\n\n\n\n<h2 class=\"wp-block-heading has-medium-font-size\">IVA<\/h2>\n\n\n\n<ul class=\"wp-block-list\">\n<li>Comunicaci\u00f3n de incorporaciones en el mes de diciembre, r\u00e9gimen especial del grupo de entidades: 039<\/li>\n\n\n\n<li>Solicitud de devoluci\u00f3n por sujetos pasivos en el r\u00e9gimen simplificado del\u00a0IVA\u00a0y que ejerzan la actividad de transporte de viajeros o de mercanc\u00edas por carretera, por adquirir determinados medios de transporte: 308<\/li>\n<\/ul>\n\n\n\n<h2 class=\"wp-block-heading has-medium-font-size\">Impuesto sobre las Primas de Seguro<\/h2>\n\n\n\n<ul class=\"wp-block-list\">\n<li>Diciembre 2024: 430<\/li>\n<\/ul>\n\n\n\n<h2 class=\"wp-block-heading has-medium-font-size\">Impuestos Especiales de Fabricaci\u00f3n<\/h2>\n\n\n\n<ul class=\"wp-block-list\">\n<li>Octubre 2024. Grandes empresas: 561, 562, 563<\/li>\n\n\n\n<li>Diciembre 2024: 548, 566, 581<\/li>\n\n\n\n<li>Cuarto trimestre 2024: 521, 522, 547<\/li>\n\n\n\n<li>Cuarto trimestre 2024. Actividades V1, F1: 553 (establecimientos autorizados para la llevanza de la contabilidad en soporte papel)<\/li>\n\n\n\n<li>Cuarto trimestre 2024. Solicitudes de devoluci\u00f3n: 506, 507, 508, 524, 572<\/li>\n\n\n\n<li>Declaraci\u00f3n de operaciones por los destinatarios registrados y representantes fiscales: 510<\/li>\n<\/ul>\n\n\n\n<h2 class=\"wp-block-heading has-medium-font-size\">Impuesto Especial sobre la Electricidad<\/h2>\n\n\n\n<ul class=\"wp-block-list\">\n<li>Diciembre 2024. Grandes empresas: 560<\/li>\n\n\n\n<li>Cuarto trimestre 2024. Excepto grandes empresas: 560<\/li>\n<\/ul>\n\n\n\n<h2 class=\"wp-block-heading has-medium-font-size\">Impuestos Medioambientales<\/h2>\n\n\n\n<ul class=\"wp-block-list\">\n<li>Diciembre 2024. Impuesto especial sobre los envases de pl\u00e1stico no reutilizables. Autoliquidaci\u00f3n: 592<\/li>\n\n\n\n<li>Cuarto trimestre 2024. Impuesto sobre los gases fluorados de efecto invernadero. Autoliquidaci\u00f3n: 587. Solicitud de devoluci\u00f3n: A23. Presentaci\u00f3n contabilidad de existencias<\/li>\n\n\n\n<li>Cuarto trimestre 2024. Impuesto especial sobre los envases de pl\u00e1stico no reutilizables. Autoliquidaci\u00f3n: 592. Solicitud de devoluci\u00f3n: A22<\/li>\n\n\n\n<li>A\u00f1o 2024. Impuesto sobre la producci\u00f3n de combustible nuclear gastado y residuos radiactivos resultantes de la generaci\u00f3n de energ\u00eda nucleoel\u00e9ctrica. Producci\u00f3n de residuos radioactivos. Autoliquidaci\u00f3n: 584<\/li>\n\n\n\n<li>A\u00f1o 2024. Impuesto sobre el almacenamiento de combustible nuclear gastado y residuos radiactivos en instalaciones centralizadas. Autoliquidaci\u00f3n anual: 585\n<ul class=\"wp-block-list\">\n<li><\/li>\n<\/ul>\n<\/li>\n<\/ul>\n\n\n\n<h2 class=\"wp-block-heading has-medium-font-size\">Impuesto Especial sobre el Carb\u00f3n<\/h2>\n\n\n\n<ul class=\"wp-block-list\">\n<li>Cuarto trimestre 2024: 595<\/li>\n\n\n\n<li>A\u00f1o 2024. Declaraci\u00f3n anual de operaciones: 596<\/li>\n<\/ul>\n\n\n\n<h2 class=\"wp-block-heading has-medium-font-size\">Impuestos sobre las Transacciones Financieras<\/h2>\n\n\n\n<ul class=\"wp-block-list\">\n<li>Diciembre 2024: 604<\/li>\n<\/ul>\n\n\n\n<h1 class=\"wp-block-heading has-medium-font-size\" id=\"js-nombre-canal\">Hasta el 30 de enero<\/h1>\n\n\n\n<h2 class=\"wp-block-heading has-medium-font-size\">Pagos fraccionados Renta<\/h2>\n\n\n\n<ul class=\"wp-block-list\">\n<li>Cuarto trimestre 2024:\n<ul class=\"wp-block-list\">\n<li>Estimaci\u00f3n directa: 130<\/li>\n\n\n\n<li>Estimaci\u00f3n objetiva: 131<\/li>\n<\/ul>\n<\/li>\n<\/ul>\n\n\n\n<h2 class=\"wp-block-heading has-medium-font-size\">IVA<\/h2>\n\n\n\n<ul class=\"wp-block-list\">\n<li>Diciembre 2024. Autoliquidaci\u00f3n: 303<\/li>\n\n\n\n<li>Diciembre 2024. Grupo de entidades, modelo individual: 322<\/li>\n\n\n\n<li>Diciembre 2024. Declaraci\u00f3n recapitulativa de operaciones intracomunitarias: 349<\/li>\n\n\n\n<li>Diciembre 2024. Grupo de entidades, modelo agregado: 353<\/li>\n\n\n\n<li>Diciembre 2024 (o a\u00f1o 2024). Operaciones asimiladas a las importaciones: 380<\/li>\n\n\n\n<li>Cuarto trimestre 2024. Autoliquidaci\u00f3n: 303<\/li>\n\n\n\n<li>Cuarto trimestre 2024. Declaraci\u00f3n-liquidaci\u00f3n no peri\u00f3dica: 309<\/li>\n\n\n\n<li>Cuarto trimestre 2024. Declaraci\u00f3n recapitulativa de operaciones intracomunitarias: 349<\/li>\n\n\n\n<li>Cuarto trimestre 2024. Operaciones asimiladas a las importaciones: 380<\/li>\n\n\n\n<li>Resumen anual 2024: 390<\/li>\n\n\n\n<li>Solicitud de devoluci\u00f3n de cuotas reembolsadas a viajeros por empresarios en recargo de equivalencia: 308<\/li>\n\n\n\n<li>Regularizaci\u00f3n de las proporciones de tributaci\u00f3n de los periodos de liquidaci\u00f3n anteriores al inicio de la realizaci\u00f3n habitual de entregas de bienes o prestaciones de servicio: 318<\/li>\n\n\n\n<li>Reintegro de compensaciones en el r\u00e9gimen especial de la agricultura, ganader\u00eda y pesca: 341<\/li>\n\n\n\n<li>Opci\u00f3n o revocaci\u00f3n de la aplicaci\u00f3n de la prorrata especial para 2025 y siguientes, si se inici\u00f3 la actividad en el \u00faltimo trimestre de 2024: 036\/037<\/li>\n<\/ul>\n\n\n\n<h2 class=\"wp-block-heading has-medium-font-size\">Impuestos medioambientales<\/h2>\n\n\n\n<ul class=\"wp-block-list\">\n<li>Cuarto trimestre 2024. Impuesto sobre el dep\u00f3sito de residuos en vertederos, la incineraci\u00f3n y la coincineraci\u00f3n de residuos. Autoliquidaci\u00f3n: 593<\/li>\n<\/ul>\n\n\n\n<h1 class=\"wp-block-heading has-medium-font-size\" id=\"js-nombre-canal\">Hasta el 31 de enero<\/h1>\n\n\n\n<h2 class=\"wp-block-heading has-medium-font-size\">Renta y Sociedades<\/h2>\n\n\n\n<p>Retenciones e ingresos a cuenta de rendimientos del trabajo, actividades econ\u00f3micas, premios y determinadas ganancias patrimoniales e imputaciones de renta, ganancias derivadas de acciones y participaciones de las Instituciones de Inversi\u00f3n Colectiva, rentas de arrendamiento de inmuebles urbanos, capital mobiliario, personas autorizadas y saldos en cuentas.<\/p>\n\n\n\n<ul class=\"wp-block-list\">\n<li>Resumen anual 2024: 180, 188, 190, 193, 193-S, 194, 196, 270<\/li>\n<\/ul>\n\n\n\n<h2 class=\"wp-block-heading has-medium-font-size\">Renta de no residentes sin establecimiento permanente<\/h2>\n\n\n\n<p>Gravamen especial sobre inmuebles de entidades no residentes 2024: 213<\/p>\n\n\n\n<p>Retenciones e ingresos a cuenta del Impuesto sobre la Renta de no Residentes (sin establecimiento permanente).<\/p>\n\n\n\n<ul class=\"wp-block-list\">\n<li>Resumen anual 2024: 296<\/li>\n<\/ul>\n\n\n\n<h2 class=\"wp-block-heading has-medium-font-size\">Operaciones con activos financieros<\/h2>\n\n\n\n<ul class=\"wp-block-list\">\n<li>Declaraci\u00f3n anual de operaciones con Letras del Tesoro 2024: 192<\/li>\n\n\n\n<li>Declaraci\u00f3n anual de operaciones con activos financieros 2024: 198<\/li>\n<\/ul>\n\n\n\n<h2 class=\"wp-block-heading has-medium-font-size\">IVA<\/h2>\n\n\n\n<ul class=\"wp-block-list\">\n<li>Solicitud de aplicaci\u00f3n del porcentaje provisional de deducci\u00f3n distinto del fijado como definitivo en el a\u00f1o precedente: sin modelo<\/li>\n\n\n\n<li>Diciembre 2024. Ventanilla \u00fanica &#8211; R\u00e9gimen de importaci\u00f3n: 369<\/li>\n\n\n\n<li>Cuarto trimestre 2024: Ventanilla \u00fanica \u2013 Reg\u00edmenes Exterior y de la Uni\u00f3n: 369<\/li>\n<\/ul>\n\n\n\n<h2 class=\"wp-block-heading has-medium-font-size\">Impuesto sobre las Primas de Seguros<\/h2>\n\n\n\n<ul class=\"wp-block-list\">\n<li>Resumen anual 2024: 480<\/li>\n<\/ul>\n\n\n\n<h2 class=\"wp-block-heading has-medium-font-size\">Impuesto sobre Determinados Servicios Digitales<\/h2>\n\n\n\n<ul class=\"wp-block-list\">\n<li>Cuarto trimestre 2024: 490<\/li>\n<\/ul>\n\n\n\n<h2 class=\"wp-block-heading has-medium-font-size\">Impuestos medioambientales<\/h2>\n\n\n\n<ul class=\"wp-block-list\">\n<li>Diciembre 2024. Impuesto especial sobre los envases de pl\u00e1stico no reutilizables. Presentaci\u00f3n contabilidad y libro registro de existencias<\/li>\n\n\n\n<li>Cuarto trimestre 2024. Impuesto especial sobre los envases de pl\u00e1stico no reutilizables. Presentaci\u00f3n contabilidad y libro registro de existencias<\/li>\n<\/ul>\n\n\n\n<h2 class=\"wp-block-heading has-medium-font-size\">Declaraci\u00f3n informativa de certificaciones individuales emitidas a los socios o part\u00edcipes de entidades de nueva o reciente creaci\u00f3n<\/h2>\n\n\n\n<ul class=\"wp-block-list\">\n<li>Resumen anual 2024: 165<\/li>\n<\/ul>\n\n\n\n<h2 class=\"wp-block-heading has-medium-font-size\">Declaraci\u00f3n informativa anual de imposiciones, disposiciones de fondos y de los cobros de cualquier documento<\/h2>\n\n\n\n<ul class=\"wp-block-list\">\n<li>A\u00f1o 2024: 171<\/li>\n<\/ul>\n\n\n\n<h2 class=\"wp-block-heading has-medium-font-size\">Declaraci\u00f3n informativa sobre saldos en monedas virtuales y sobre operaciones con monedas virtuales<\/h2>\n\n\n\n<ul class=\"wp-block-list\">\n<li>A\u00f1o 2024: 172, 173<\/li>\n<\/ul>\n\n\n\n<ul class=\"wp-block-list\">\n<li><\/li>\n<\/ul>\n\n\n\n<h2 class=\"wp-block-heading has-medium-font-size\">Declaraci\u00f3n informativa de pr\u00e9stamos y cr\u00e9ditos y otras operaciones financieras relacionadas con bienes inmuebles<\/h2>\n\n\n\n<ul class=\"wp-block-list\">\n<li>Declaraci\u00f3n anual 2024: 181<\/li>\n<\/ul>\n\n\n\n<h2 class=\"wp-block-heading has-medium-font-size\">Declaraci\u00f3n informativa de donativos, donaciones y aportaciones recibidas y disposiciones realizadas<\/h2>\n\n\n\n<ul class=\"wp-block-list\">\n<li>Declaraci\u00f3n anual 2024: 182<\/li>\n<\/ul>\n\n\n\n<h2 class=\"wp-block-heading has-medium-font-size\">Declaraci\u00f3n informativa de entidades en r\u00e9gimen de atribuci\u00f3n de rentas<\/h2>\n\n\n\n<ul class=\"wp-block-list\">\n<li>A\u00f1o 2024: 184<\/li>\n<\/ul>\n\n\n\n<h2 class=\"wp-block-heading has-medium-font-size\">Declaraci\u00f3n informativa de adquisiciones y enajenaciones de acciones y participaciones en Instituciones de Inversi\u00f3n Colectiva<\/h2>\n\n\n\n<ul class=\"wp-block-list\">\n<li>Declaraci\u00f3n anual 2024: 187<\/li>\n<\/ul>\n\n\n\n<h2 class=\"wp-block-heading has-medium-font-size\">Declaraci\u00f3n informativa por gastos en guarder\u00edas o centros de educaci\u00f3n infantil autorizados<\/h2>\n\n\n\n<ul class=\"wp-block-list\">\n<li>Declaraci\u00f3n anual 2024: 233<\/li>\n<\/ul>\n\n\n\n<h2 class=\"wp-block-heading has-medium-font-size\">Declaraci\u00f3n informativa de actualizaci\u00f3n de determinados mecanismos transfronterizos comercializables<\/h2>\n\n\n\n<ul class=\"wp-block-list\">\n<li>Cuarto trimestre 2024: 235<\/li>\n<\/ul>\n\n\n\n<h2 class=\"wp-block-heading has-medium-font-size\">Declaraci\u00f3n informativa para la comunicaci\u00f3n de informaci\u00f3n por parte de operadores de plataformas<\/h2>\n\n\n\n<ul class=\"wp-block-list\">\n<li>A\u00f1o 2024: 238<\/li>\n<\/ul>\n\n\n\n<h2 class=\"wp-block-heading has-medium-font-size\">Declaraci\u00f3n informativa trimestral de operaciones de comercio de bienes corporales realizadas en la zona especial canaria sin que las mercanc\u00edas transiten por territorio canario<\/h2>\n\n\n\n<ul class=\"wp-block-list\">\n<li>Cuarto trimestre 2024: 281<\/li>\n<\/ul>\n\n\n\n<h2 class=\"wp-block-heading has-medium-font-size\">Declaraci\u00f3n informativa de cuentas de no residentes<\/h2>\n\n\n\n<ul class=\"wp-block-list\">\n<li>A\u00f1o 2024: 291<\/li>\n<\/ul>\n\n\n\n<h2 class=\"wp-block-heading has-medium-font-size\">Planes, fondos de pensiones, sistemas alternativos, mutualidades de previsi\u00f3n social, planes de previsi\u00f3n asegurados, planes individuales de ahorro sistem\u00e1tico, planes de previsi\u00f3n social empresarial y seguros de dependencia<\/h2>\n\n\n\n<ul class=\"wp-block-list\">\n<li>Declaraci\u00f3n anual 2024: 345<\/li>\n<\/ul>\n\n\n\n<h2 class=\"wp-block-heading has-medium-font-size\">Declaraci\u00f3n informativa sobre pagos transfronterizos<\/h2>\n\n\n\n<ul class=\"wp-block-list\">\n<li>Cuarto trimestre 2024:379<\/li>\n<\/ul>\n","protected":false},"excerpt":{"rendered":"<p>L M X J V S D 1 2 3 4 5 6 7 8 9 10 11 12 13 14 15 16 17 18 19 20 21 22 23 24 25 26 27 28 29 30 31 Hasta el 13 de enero INTRASTAT &#8211; Estad\u00edstica Comercio Intracomunitario Hasta el 20 de enero Renta y [&hellip;]<\/p>\n","protected":false},"author":2,"featured_media":0,"comment_status":"closed","ping_status":"closed","sticky":false,"template":"","format":"standard","meta":{"_acf_changed":false,"footnotes":""},"categories":[38],"tags":[],"class_list":["post-4717","post","type-post","status-publish","format-standard","hentry","category-calendario"],"acf":[],"yoast_head":"<!-- This site is optimized with the Yoast SEO plugin v25.9 - https:\/\/yoast.com\/wordpress\/plugins\/seo\/ -->\n<title>Enero 2025 - Amsel Assessors<\/title>\n<meta name=\"robots\" content=\"index, follow, max-snippet:-1, max-image-preview:large, max-video-preview:-1\" \/>\n<link rel=\"canonical\" href=\"https:\/\/amsel.es\/en\/2024\/12\/24\/enero-2025\/\" \/>\n<meta property=\"og:locale\" content=\"en_US\" \/>\n<meta property=\"og:type\" content=\"article\" \/>\n<meta property=\"og:title\" content=\"Enero 2025 - Amsel Assessors\" \/>\n<meta property=\"og:description\" content=\"L M X J V S D 1 2 3 4 5 6 7 8 9 10 11 12 13 14 15 16 17 18 19 20 21 22 23 24 25 26 27 28 29 30 31 Hasta el 13 de enero INTRASTAT &#8211; Estad\u00edstica Comercio Intracomunitario Hasta el 20 de enero Renta y [&hellip;]\" \/>\n<meta property=\"og:url\" content=\"https:\/\/amsel.es\/en\/2024\/12\/24\/enero-2025\/\" \/>\n<meta property=\"og:site_name\" content=\"Amsel Assessors\" \/>\n<meta property=\"article:published_time\" content=\"2024-12-24T13:24:21+00:00\" \/>\n<meta property=\"article:modified_time\" content=\"2024-12-24T13:24:23+00:00\" \/>\n<meta name=\"author\" content=\"Amsel\" \/>\n<meta name=\"twitter:card\" content=\"summary_large_image\" \/>\n<meta name=\"twitter:label1\" content=\"Written by\" \/>\n\t<meta name=\"twitter:data1\" content=\"Amsel\" \/>\n\t<meta name=\"twitter:label2\" content=\"Est. reading time\" \/>\n\t<meta name=\"twitter:data2\" content=\"5 minutes\" \/>\n<script type=\"application\/ld+json\" class=\"yoast-schema-graph\">{\"@context\":\"https:\/\/schema.org\",\"@graph\":[{\"@type\":\"Article\",\"@id\":\"https:\/\/amsel.es\/en\/2024\/12\/24\/enero-2025\/#article\",\"isPartOf\":{\"@id\":\"https:\/\/amsel.es\/en\/2024\/12\/24\/enero-2025\/\"},\"author\":{\"name\":\"Amsel\",\"@id\":\"https:\/\/amsel.es\/en\/#\/schema\/person\/f585214e4001baae3be0354e81cfd40b\"},\"headline\":\"Enero 2025\",\"datePublished\":\"2024-12-24T13:24:21+00:00\",\"dateModified\":\"2024-12-24T13:24:23+00:00\",\"mainEntityOfPage\":{\"@id\":\"https:\/\/amsel.es\/en\/2024\/12\/24\/enero-2025\/\"},\"wordCount\":994,\"publisher\":{\"@id\":\"https:\/\/amsel.es\/en\/#organization\"},\"articleSection\":[\"Calendario\"],\"inLanguage\":\"en-US\"},{\"@type\":\"WebPage\",\"@id\":\"https:\/\/amsel.es\/en\/2024\/12\/24\/enero-2025\/\",\"url\":\"https:\/\/amsel.es\/en\/2024\/12\/24\/enero-2025\/\",\"name\":\"Enero 2025 - Amsel Assessors\",\"isPartOf\":{\"@id\":\"https:\/\/amsel.es\/en\/#website\"},\"datePublished\":\"2024-12-24T13:24:21+00:00\",\"dateModified\":\"2024-12-24T13:24:23+00:00\",\"breadcrumb\":{\"@id\":\"https:\/\/amsel.es\/en\/2024\/12\/24\/enero-2025\/#breadcrumb\"},\"inLanguage\":\"en-US\",\"potentialAction\":[{\"@type\":\"ReadAction\",\"target\":[\"https:\/\/amsel.es\/en\/2024\/12\/24\/enero-2025\/\"]}]},{\"@type\":\"BreadcrumbList\",\"@id\":\"https:\/\/amsel.es\/en\/2024\/12\/24\/enero-2025\/#breadcrumb\",\"itemListElement\":[{\"@type\":\"ListItem\",\"position\":1,\"name\":\"Portada\",\"item\":\"https:\/\/amsel.es\/en\/\"},{\"@type\":\"ListItem\",\"position\":2,\"name\":\"Enero 2025\"}]},{\"@type\":\"WebSite\",\"@id\":\"https:\/\/amsel.es\/en\/#website\",\"url\":\"https:\/\/amsel.es\/en\/\",\"name\":\"Amsel Assessors\",\"description\":\"\",\"publisher\":{\"@id\":\"https:\/\/amsel.es\/en\/#organization\"},\"potentialAction\":[{\"@type\":\"SearchAction\",\"target\":{\"@type\":\"EntryPoint\",\"urlTemplate\":\"https:\/\/amsel.es\/en\/?s={search_term_string}\"},\"query-input\":{\"@type\":\"PropertyValueSpecification\",\"valueRequired\":true,\"valueName\":\"search_term_string\"}}],\"inLanguage\":\"en-US\"},{\"@type\":\"Organization\",\"@id\":\"https:\/\/amsel.es\/en\/#organization\",\"name\":\"Amsel Assessors\",\"url\":\"https:\/\/amsel.es\/en\/\",\"logo\":{\"@type\":\"ImageObject\",\"inLanguage\":\"en-US\",\"@id\":\"https:\/\/amsel.es\/en\/#\/schema\/logo\/image\/\",\"url\":\"https:\/\/amsel.es\/wp-content\/uploads\/2023\/04\/logo3.png\",\"contentUrl\":\"https:\/\/amsel.es\/wp-content\/uploads\/2023\/04\/logo3.png\",\"width\":199,\"height\":84,\"caption\":\"Amsel Assessors\"},\"image\":{\"@id\":\"https:\/\/amsel.es\/en\/#\/schema\/logo\/image\/\"}},{\"@type\":\"Person\",\"@id\":\"https:\/\/amsel.es\/en\/#\/schema\/person\/f585214e4001baae3be0354e81cfd40b\",\"name\":\"Amsel\",\"image\":{\"@type\":\"ImageObject\",\"inLanguage\":\"en-US\",\"@id\":\"https:\/\/amsel.es\/en\/#\/schema\/person\/image\/\",\"url\":\"https:\/\/secure.gravatar.com\/avatar\/ce6659fda9a1106aed987dcc865b17b8341f7a1ec22ae0c91ac3d392a5be48bd?s=96&d=mm&r=g\",\"contentUrl\":\"https:\/\/secure.gravatar.com\/avatar\/ce6659fda9a1106aed987dcc865b17b8341f7a1ec22ae0c91ac3d392a5be48bd?s=96&d=mm&r=g\",\"caption\":\"Amsel\"},\"url\":\"https:\/\/amsel.es\/en\/author\/amsel\/\"}]}<\/script>\n<!-- \/ Yoast SEO plugin. -->","yoast_head_json":{"title":"Enero 2025 - Amsel Assessors","robots":{"index":"index","follow":"follow","max-snippet":"max-snippet:-1","max-image-preview":"max-image-preview:large","max-video-preview":"max-video-preview:-1"},"canonical":"https:\/\/amsel.es\/en\/2024\/12\/24\/enero-2025\/","og_locale":"en_US","og_type":"article","og_title":"Enero 2025 - Amsel Assessors","og_description":"L M X J V S D 1 2 3 4 5 6 7 8 9 10 11 12 13 14 15 16 17 18 19 20 21 22 23 24 25 26 27 28 29 30 31 Hasta el 13 de enero INTRASTAT &#8211; Estad\u00edstica Comercio Intracomunitario Hasta el 20 de enero Renta y [&hellip;]","og_url":"https:\/\/amsel.es\/en\/2024\/12\/24\/enero-2025\/","og_site_name":"Amsel Assessors","article_published_time":"2024-12-24T13:24:21+00:00","article_modified_time":"2024-12-24T13:24:23+00:00","author":"Amsel","twitter_card":"summary_large_image","twitter_misc":{"Written by":"Amsel","Est. reading time":"5 minutes"},"schema":{"@context":"https:\/\/schema.org","@graph":[{"@type":"Article","@id":"https:\/\/amsel.es\/en\/2024\/12\/24\/enero-2025\/#article","isPartOf":{"@id":"https:\/\/amsel.es\/en\/2024\/12\/24\/enero-2025\/"},"author":{"name":"Amsel","@id":"https:\/\/amsel.es\/en\/#\/schema\/person\/f585214e4001baae3be0354e81cfd40b"},"headline":"Enero 2025","datePublished":"2024-12-24T13:24:21+00:00","dateModified":"2024-12-24T13:24:23+00:00","mainEntityOfPage":{"@id":"https:\/\/amsel.es\/en\/2024\/12\/24\/enero-2025\/"},"wordCount":994,"publisher":{"@id":"https:\/\/amsel.es\/en\/#organization"},"articleSection":["Calendario"],"inLanguage":"en-US"},{"@type":"WebPage","@id":"https:\/\/amsel.es\/en\/2024\/12\/24\/enero-2025\/","url":"https:\/\/amsel.es\/en\/2024\/12\/24\/enero-2025\/","name":"Enero 2025 - Amsel Assessors","isPartOf":{"@id":"https:\/\/amsel.es\/en\/#website"},"datePublished":"2024-12-24T13:24:21+00:00","dateModified":"2024-12-24T13:24:23+00:00","breadcrumb":{"@id":"https:\/\/amsel.es\/en\/2024\/12\/24\/enero-2025\/#breadcrumb"},"inLanguage":"en-US","potentialAction":[{"@type":"ReadAction","target":["https:\/\/amsel.es\/en\/2024\/12\/24\/enero-2025\/"]}]},{"@type":"BreadcrumbList","@id":"https:\/\/amsel.es\/en\/2024\/12\/24\/enero-2025\/#breadcrumb","itemListElement":[{"@type":"ListItem","position":1,"name":"Portada","item":"https:\/\/amsel.es\/en\/"},{"@type":"ListItem","position":2,"name":"Enero 2025"}]},{"@type":"WebSite","@id":"https:\/\/amsel.es\/en\/#website","url":"https:\/\/amsel.es\/en\/","name":"Amsel Assessors","description":"","publisher":{"@id":"https:\/\/amsel.es\/en\/#organization"},"potentialAction":[{"@type":"SearchAction","target":{"@type":"EntryPoint","urlTemplate":"https:\/\/amsel.es\/en\/?s={search_term_string}"},"query-input":{"@type":"PropertyValueSpecification","valueRequired":true,"valueName":"search_term_string"}}],"inLanguage":"en-US"},{"@type":"Organization","@id":"https:\/\/amsel.es\/en\/#organization","name":"Amsel Assessors","url":"https:\/\/amsel.es\/en\/","logo":{"@type":"ImageObject","inLanguage":"en-US","@id":"https:\/\/amsel.es\/en\/#\/schema\/logo\/image\/","url":"https:\/\/amsel.es\/wp-content\/uploads\/2023\/04\/logo3.png","contentUrl":"https:\/\/amsel.es\/wp-content\/uploads\/2023\/04\/logo3.png","width":199,"height":84,"caption":"Amsel Assessors"},"image":{"@id":"https:\/\/amsel.es\/en\/#\/schema\/logo\/image\/"}},{"@type":"Person","@id":"https:\/\/amsel.es\/en\/#\/schema\/person\/f585214e4001baae3be0354e81cfd40b","name":"Amsel","image":{"@type":"ImageObject","inLanguage":"en-US","@id":"https:\/\/amsel.es\/en\/#\/schema\/person\/image\/","url":"https:\/\/secure.gravatar.com\/avatar\/ce6659fda9a1106aed987dcc865b17b8341f7a1ec22ae0c91ac3d392a5be48bd?s=96&d=mm&r=g","contentUrl":"https:\/\/secure.gravatar.com\/avatar\/ce6659fda9a1106aed987dcc865b17b8341f7a1ec22ae0c91ac3d392a5be48bd?s=96&d=mm&r=g","caption":"Amsel"},"url":"https:\/\/amsel.es\/en\/author\/amsel\/"}]}},"_links":{"self":[{"href":"https:\/\/amsel.es\/en\/wp-json\/wp\/v2\/posts\/4717","targetHints":{"allow":["GET"]}}],"collection":[{"href":"https:\/\/amsel.es\/en\/wp-json\/wp\/v2\/posts"}],"about":[{"href":"https:\/\/amsel.es\/en\/wp-json\/wp\/v2\/types\/post"}],"author":[{"embeddable":true,"href":"https:\/\/amsel.es\/en\/wp-json\/wp\/v2\/users\/2"}],"replies":[{"embeddable":true,"href":"https:\/\/amsel.es\/en\/wp-json\/wp\/v2\/comments?post=4717"}],"version-history":[{"count":2,"href":"https:\/\/amsel.es\/en\/wp-json\/wp\/v2\/posts\/4717\/revisions"}],"predecessor-version":[{"id":4719,"href":"https:\/\/amsel.es\/en\/wp-json\/wp\/v2\/posts\/4717\/revisions\/4719"}],"wp:attachment":[{"href":"https:\/\/amsel.es\/en\/wp-json\/wp\/v2\/media?parent=4717"}],"wp:term":[{"taxonomy":"category","embeddable":true,"href":"https:\/\/amsel.es\/en\/wp-json\/wp\/v2\/categories?post=4717"},{"taxonomy":"post_tag","embeddable":true,"href":"https:\/\/amsel.es\/en\/wp-json\/wp\/v2\/tags?post=4717"}],"curies":[{"name":"wp","href":"https:\/\/api.w.org\/{rel}","templated":true}]}}