{"id":4742,"date":"2025-03-11T10:52:55","date_gmt":"2025-03-11T10:52:55","guid":{"rendered":"https:\/\/amsel.es\/?p=4742"},"modified":"2025-03-11T10:52:58","modified_gmt":"2025-03-11T10:52:58","slug":"marzo-2025","status":"publish","type":"post","link":"https:\/\/amsel.es\/en\/2025\/03\/11\/marzo-2025\/","title":{"rendered":"Marzo 2025"},"content":{"rendered":"\n<p>Marzo&nbsp;2025<\/p>\n\n\n\n<hr class=\"wp-block-separator has-alpha-channel-opacity\" \/>\n\n\n\n<p>Hasta el 12 de marzo<\/p>\n\n\n\n<p><strong>INTRASTAT &#8211; Estad\u00edstica Comercio Intracomunitario<\/strong><\/p>\n\n\n\n<ul class=\"wp-block-list\">\n<li>Febrero 2025. Obligados a suministrar informaci\u00f3n estad\u00edstica<\/li>\n<\/ul>\n\n\n\n<p>Hasta el 20 de marzo<\/p>\n\n\n\n<p><strong>Renta y Sociedades<\/strong><\/p>\n\n\n\n<p>Retenciones e ingresos a cuenta de rendimientos del trabajo, actividades econ\u00f3micas, premios y determinadas ganancias patrimoniales e imputaciones de renta, ganancias derivadas de acciones y participaciones de las Instituciones de Inversi\u00f3n Colectiva, rentas de arrendamiento de inmuebles urbanos, capital mobiliario, personas autorizadas y saldos en cuentas y, de rentas de no residentes obtenidas sin establecimiento permanente.<\/p>\n\n\n\n<ul class=\"wp-block-list\">\n<li>Febrero 2025. Grandes empresas: 111, 115, 117, 123, 124, 126, 128, 216, 230<\/li>\n<\/ul>\n\n\n\n<p><strong>IVA<\/strong><\/p>\n\n\n\n<ul class=\"wp-block-list\">\n<li>Febrero 2025. Declaraci\u00f3n recapitulativa de operaciones intracomunitarias: 349<\/li>\n\n\n\n<li>Solicitud de devoluci\u00f3n por sujetos pasivos en el r\u00e9gimen simplificado del\u00a0IVA\u00a0y que ejerzan la actividad de transporte de viajeros o de mercanc\u00edas por carretera, por adquirir determinados medios de transporte: 308<\/li>\n<\/ul>\n\n\n\n<p><strong>Impuesto sobre las Primas de Seguros<\/strong><\/p>\n\n\n\n<ul class=\"wp-block-list\">\n<li>Febrero 2025: 430<\/li>\n<\/ul>\n\n\n\n<p><strong>Impuestos Especiales de Fabricaci\u00f3n<\/strong><\/p>\n\n\n\n<ul class=\"wp-block-list\">\n<li>Diciembre 2024. Grandes empresas: 561, 562, 563<\/li>\n\n\n\n<li>Febrero 2025: 548, 566, 581<\/li>\n\n\n\n<li>Declaraci\u00f3n de operaciones por los destinatarios registrados y representantes fiscales: 510<\/li>\n<\/ul>\n\n\n\n<p><strong>Impuesto Especial sobre la Electricidad<\/strong><\/p>\n\n\n\n<ul class=\"wp-block-list\">\n<li>Febrero 2025. Grandes empresas: 560<\/li>\n<\/ul>\n\n\n\n<p><strong>Impuestos Medioambientales<\/strong><\/p>\n\n\n\n<ul class=\"wp-block-list\">\n<li>Febrero 2025. Impuesto especial sobre los envases de pl\u00e1stico no reutilizables. Autoliquidaci\u00f3n: 592<\/li>\n<\/ul>\n\n\n\n<p><strong>Impuesto Especial sobre las Transacciones Financieras<\/strong><\/p>\n\n\n\n<ul class=\"wp-block-list\">\n<li>Febrero 2025: 604<\/li>\n<\/ul>\n\n\n\n<p><strong>Hasta el 31 de marzo<\/strong><\/p>\n\n\n\n<p><strong>IVA<\/strong><\/p>\n\n\n\n<ul class=\"wp-block-list\">\n<li>Febrero 2025. Autoliquidaci\u00f3n: 303<\/li>\n\n\n\n<li>Febrero 2025. Grupo de entidades, modelo individual: 322<\/li>\n\n\n\n<li>Febrero 2025. Grupo de entidades, modelo agregado: 353<\/li>\n\n\n\n<li>Febrero 2025. Ventanilla \u00fanica &#8211; R\u00e9gimen de importaci\u00f3n: 369<\/li>\n\n\n\n<li>Febrero 2025. Operaciones asimiladas a las importaciones: 380<\/li>\n\n\n\n<li>Tercer trimestre 2024: solicitud de reembolso de las cuotas tributarias soportadas relativas a la Organizaci\u00f3n del Tratado del Atl\u00e1ntico Norte, a los Cuarteles Generales Internacionales de dicha Organizaci\u00f3n y a los Estados parte en dicho Tratado: 364<\/li>\n\n\n\n<li>Tercer trimestre 2024: solicitud de reembolso de las cuotas tributarias soportadas por las fuerzas armadas de los Estados miembros de la\u00a0UE: 381<\/li>\n<\/ul>\n\n\n\n<p><strong>Impuesto sobre Hidrocarburos<\/strong><\/p>\n\n\n\n<ul class=\"wp-block-list\">\n<li>A\u00f1o 2024. Relaci\u00f3n anual de destinatarios de productos de la tarifa segunda: 512<\/li>\n\n\n\n<li>A\u00f1o 2024. Relaci\u00f3n anual de kil\u00f3metros realizados<\/li>\n<\/ul>\n\n\n\n<p><strong>Impuestos Medioambientales<\/strong><\/p>\n\n\n\n<ul class=\"wp-block-list\">\n<li>Febrero 2025. Impuesto especial sobre los envases de pl\u00e1stico no reutilizables. Presentaci\u00f3n contabilidad y libro registro de existencias<\/li>\n<\/ul>\n\n\n\n<p><strong>Declaraci\u00f3n informativa de valores, seguros y rentas<\/strong><\/p>\n\n\n\n<ul class=\"wp-block-list\">\n<li>A\u00f1o 2023: 189<\/li>\n<\/ul>\n\n\n\n<p><strong>Declaraci\u00f3n informativa sobre clientes perceptores de beneficios distribuidos por Instituciones de Inversi\u00f3n Colectiva espa\u00f1olas, as\u00ed como de aquellos por cuenta de los cuales la entidad comercializadora haya efectuado reembolsos o transmisiones de acciones o participaciones<\/strong><\/p>\n\n\n\n<ul class=\"wp-block-list\">\n<li>A\u00f1o 2024: 294<\/li>\n<\/ul>\n\n\n\n<p><strong>Declaraci\u00f3n informativa sobre clientes con posici\u00f3n inversora en Instituciones de Inversi\u00f3n Colectiva espa\u00f1olas, referida a fecha 31 de diciembre del ejercicio, en los supuestos de comercializaci\u00f3n transfronteriza de acciones o participaciones en Instituciones de Inversi\u00f3n Colectiva espa\u00f1olas<\/strong><\/p>\n\n\n\n<ul class=\"wp-block-list\">\n<li>A\u00f1o 2024: 295<\/li>\n<\/ul>\n\n\n\n<p><strong>Declaraci\u00f3n informativa sobre bienes y derechos en el extranjero<\/strong><\/p>\n\n\n\n<ul class=\"wp-block-list\">\n<li>A\u00f1o 2024: 720<\/li>\n<\/ul>\n\n\n\n<p><strong>Declaraci\u00f3n informativa sobre monedas virtuales situadas en el extranjero<\/strong><\/p>\n\n\n\n<ul class=\"wp-block-list\">\n<li>A\u00f1o 2024: 721<\/li>\n<\/ul>\n","protected":false},"excerpt":{"rendered":"<p>Marzo&nbsp;2025 Hasta el 12 de marzo INTRASTAT &#8211; Estad\u00edstica Comercio Intracomunitario Hasta el 20 de marzo Renta y Sociedades Retenciones e ingresos a cuenta de rendimientos del trabajo, actividades econ\u00f3micas, premios y determinadas ganancias patrimoniales e imputaciones de renta, ganancias derivadas de acciones y participaciones de las Instituciones de Inversi\u00f3n Colectiva, rentas de arrendamiento de [&hellip;]<\/p>\n","protected":false},"author":2,"featured_media":0,"comment_status":"closed","ping_status":"closed","sticky":false,"template":"","format":"standard","meta":{"_acf_changed":false,"footnotes":""},"categories":[38],"tags":[],"class_list":["post-4742","post","type-post","status-publish","format-standard","hentry","category-calendario"],"acf":[],"yoast_head":"<!-- This site is optimized with the Yoast SEO plugin v25.9 - https:\/\/yoast.com\/wordpress\/plugins\/seo\/ -->\n<title>Marzo 2025 - Amsel Assessors<\/title>\n<meta name=\"robots\" content=\"index, follow, max-snippet:-1, max-image-preview:large, max-video-preview:-1\" \/>\n<link rel=\"canonical\" href=\"https:\/\/amsel.es\/en\/2025\/03\/11\/marzo-2025\/\" \/>\n<meta property=\"og:locale\" content=\"en_US\" \/>\n<meta property=\"og:type\" content=\"article\" \/>\n<meta property=\"og:title\" content=\"Marzo 2025 - Amsel Assessors\" \/>\n<meta property=\"og:description\" content=\"Marzo&nbsp;2025 Hasta el 12 de marzo INTRASTAT &#8211; Estad\u00edstica Comercio Intracomunitario Hasta el 20 de marzo Renta y Sociedades Retenciones e ingresos a cuenta de rendimientos del trabajo, actividades econ\u00f3micas, premios y determinadas ganancias patrimoniales e imputaciones de renta, ganancias derivadas de acciones y participaciones de las Instituciones de Inversi\u00f3n Colectiva, rentas de arrendamiento de [&hellip;]\" \/>\n<meta property=\"og:url\" content=\"https:\/\/amsel.es\/en\/2025\/03\/11\/marzo-2025\/\" \/>\n<meta property=\"og:site_name\" content=\"Amsel Assessors\" \/>\n<meta property=\"article:published_time\" content=\"2025-03-11T10:52:55+00:00\" \/>\n<meta property=\"article:modified_time\" content=\"2025-03-11T10:52:58+00:00\" \/>\n<meta name=\"author\" content=\"Amsel\" \/>\n<meta name=\"twitter:card\" content=\"summary_large_image\" \/>\n<meta name=\"twitter:label1\" content=\"Written by\" \/>\n\t<meta name=\"twitter:data1\" content=\"Amsel\" \/>\n\t<meta name=\"twitter:label2\" content=\"Est. reading time\" \/>\n\t<meta name=\"twitter:data2\" content=\"3 minutes\" \/>\n<script type=\"application\/ld+json\" class=\"yoast-schema-graph\">{\"@context\":\"https:\/\/schema.org\",\"@graph\":[{\"@type\":\"Article\",\"@id\":\"https:\/\/amsel.es\/en\/2025\/03\/11\/marzo-2025\/#article\",\"isPartOf\":{\"@id\":\"https:\/\/amsel.es\/en\/2025\/03\/11\/marzo-2025\/\"},\"author\":{\"name\":\"Amsel\",\"@id\":\"https:\/\/amsel.es\/en\/#\/schema\/person\/f585214e4001baae3be0354e81cfd40b\"},\"headline\":\"Marzo 2025\",\"datePublished\":\"2025-03-11T10:52:55+00:00\",\"dateModified\":\"2025-03-11T10:52:58+00:00\",\"mainEntityOfPage\":{\"@id\":\"https:\/\/amsel.es\/en\/2025\/03\/11\/marzo-2025\/\"},\"wordCount\":448,\"publisher\":{\"@id\":\"https:\/\/amsel.es\/en\/#organization\"},\"articleSection\":[\"Calendario\"],\"inLanguage\":\"en-US\"},{\"@type\":\"WebPage\",\"@id\":\"https:\/\/amsel.es\/en\/2025\/03\/11\/marzo-2025\/\",\"url\":\"https:\/\/amsel.es\/en\/2025\/03\/11\/marzo-2025\/\",\"name\":\"Marzo 2025 - Amsel Assessors\",\"isPartOf\":{\"@id\":\"https:\/\/amsel.es\/en\/#website\"},\"datePublished\":\"2025-03-11T10:52:55+00:00\",\"dateModified\":\"2025-03-11T10:52:58+00:00\",\"breadcrumb\":{\"@id\":\"https:\/\/amsel.es\/en\/2025\/03\/11\/marzo-2025\/#breadcrumb\"},\"inLanguage\":\"en-US\",\"potentialAction\":[{\"@type\":\"ReadAction\",\"target\":[\"https:\/\/amsel.es\/en\/2025\/03\/11\/marzo-2025\/\"]}]},{\"@type\":\"BreadcrumbList\",\"@id\":\"https:\/\/amsel.es\/en\/2025\/03\/11\/marzo-2025\/#breadcrumb\",\"itemListElement\":[{\"@type\":\"ListItem\",\"position\":1,\"name\":\"Portada\",\"item\":\"https:\/\/amsel.es\/en\/\"},{\"@type\":\"ListItem\",\"position\":2,\"name\":\"Marzo 2025\"}]},{\"@type\":\"WebSite\",\"@id\":\"https:\/\/amsel.es\/en\/#website\",\"url\":\"https:\/\/amsel.es\/en\/\",\"name\":\"Amsel Assessors\",\"description\":\"\",\"publisher\":{\"@id\":\"https:\/\/amsel.es\/en\/#organization\"},\"potentialAction\":[{\"@type\":\"SearchAction\",\"target\":{\"@type\":\"EntryPoint\",\"urlTemplate\":\"https:\/\/amsel.es\/en\/?s={search_term_string}\"},\"query-input\":{\"@type\":\"PropertyValueSpecification\",\"valueRequired\":true,\"valueName\":\"search_term_string\"}}],\"inLanguage\":\"en-US\"},{\"@type\":\"Organization\",\"@id\":\"https:\/\/amsel.es\/en\/#organization\",\"name\":\"Amsel Assessors\",\"url\":\"https:\/\/amsel.es\/en\/\",\"logo\":{\"@type\":\"ImageObject\",\"inLanguage\":\"en-US\",\"@id\":\"https:\/\/amsel.es\/en\/#\/schema\/logo\/image\/\",\"url\":\"https:\/\/amsel.es\/wp-content\/uploads\/2023\/04\/logo3.png\",\"contentUrl\":\"https:\/\/amsel.es\/wp-content\/uploads\/2023\/04\/logo3.png\",\"width\":199,\"height\":84,\"caption\":\"Amsel Assessors\"},\"image\":{\"@id\":\"https:\/\/amsel.es\/en\/#\/schema\/logo\/image\/\"}},{\"@type\":\"Person\",\"@id\":\"https:\/\/amsel.es\/en\/#\/schema\/person\/f585214e4001baae3be0354e81cfd40b\",\"name\":\"Amsel\",\"image\":{\"@type\":\"ImageObject\",\"inLanguage\":\"en-US\",\"@id\":\"https:\/\/amsel.es\/en\/#\/schema\/person\/image\/\",\"url\":\"https:\/\/secure.gravatar.com\/avatar\/ce6659fda9a1106aed987dcc865b17b8341f7a1ec22ae0c91ac3d392a5be48bd?s=96&d=mm&r=g\",\"contentUrl\":\"https:\/\/secure.gravatar.com\/avatar\/ce6659fda9a1106aed987dcc865b17b8341f7a1ec22ae0c91ac3d392a5be48bd?s=96&d=mm&r=g\",\"caption\":\"Amsel\"},\"url\":\"https:\/\/amsel.es\/en\/author\/amsel\/\"}]}<\/script>\n<!-- \/ Yoast SEO plugin. -->","yoast_head_json":{"title":"Marzo 2025 - Amsel Assessors","robots":{"index":"index","follow":"follow","max-snippet":"max-snippet:-1","max-image-preview":"max-image-preview:large","max-video-preview":"max-video-preview:-1"},"canonical":"https:\/\/amsel.es\/en\/2025\/03\/11\/marzo-2025\/","og_locale":"en_US","og_type":"article","og_title":"Marzo 2025 - Amsel Assessors","og_description":"Marzo&nbsp;2025 Hasta el 12 de marzo INTRASTAT &#8211; Estad\u00edstica Comercio Intracomunitario Hasta el 20 de marzo Renta y Sociedades Retenciones e ingresos a cuenta de rendimientos del trabajo, actividades econ\u00f3micas, premios y determinadas ganancias patrimoniales e imputaciones de renta, ganancias derivadas de acciones y participaciones de las Instituciones de Inversi\u00f3n Colectiva, rentas de arrendamiento de [&hellip;]","og_url":"https:\/\/amsel.es\/en\/2025\/03\/11\/marzo-2025\/","og_site_name":"Amsel Assessors","article_published_time":"2025-03-11T10:52:55+00:00","article_modified_time":"2025-03-11T10:52:58+00:00","author":"Amsel","twitter_card":"summary_large_image","twitter_misc":{"Written by":"Amsel","Est. reading time":"3 minutes"},"schema":{"@context":"https:\/\/schema.org","@graph":[{"@type":"Article","@id":"https:\/\/amsel.es\/en\/2025\/03\/11\/marzo-2025\/#article","isPartOf":{"@id":"https:\/\/amsel.es\/en\/2025\/03\/11\/marzo-2025\/"},"author":{"name":"Amsel","@id":"https:\/\/amsel.es\/en\/#\/schema\/person\/f585214e4001baae3be0354e81cfd40b"},"headline":"Marzo 2025","datePublished":"2025-03-11T10:52:55+00:00","dateModified":"2025-03-11T10:52:58+00:00","mainEntityOfPage":{"@id":"https:\/\/amsel.es\/en\/2025\/03\/11\/marzo-2025\/"},"wordCount":448,"publisher":{"@id":"https:\/\/amsel.es\/en\/#organization"},"articleSection":["Calendario"],"inLanguage":"en-US"},{"@type":"WebPage","@id":"https:\/\/amsel.es\/en\/2025\/03\/11\/marzo-2025\/","url":"https:\/\/amsel.es\/en\/2025\/03\/11\/marzo-2025\/","name":"Marzo 2025 - Amsel Assessors","isPartOf":{"@id":"https:\/\/amsel.es\/en\/#website"},"datePublished":"2025-03-11T10:52:55+00:00","dateModified":"2025-03-11T10:52:58+00:00","breadcrumb":{"@id":"https:\/\/amsel.es\/en\/2025\/03\/11\/marzo-2025\/#breadcrumb"},"inLanguage":"en-US","potentialAction":[{"@type":"ReadAction","target":["https:\/\/amsel.es\/en\/2025\/03\/11\/marzo-2025\/"]}]},{"@type":"BreadcrumbList","@id":"https:\/\/amsel.es\/en\/2025\/03\/11\/marzo-2025\/#breadcrumb","itemListElement":[{"@type":"ListItem","position":1,"name":"Portada","item":"https:\/\/amsel.es\/en\/"},{"@type":"ListItem","position":2,"name":"Marzo 2025"}]},{"@type":"WebSite","@id":"https:\/\/amsel.es\/en\/#website","url":"https:\/\/amsel.es\/en\/","name":"Amsel Assessors","description":"","publisher":{"@id":"https:\/\/amsel.es\/en\/#organization"},"potentialAction":[{"@type":"SearchAction","target":{"@type":"EntryPoint","urlTemplate":"https:\/\/amsel.es\/en\/?s={search_term_string}"},"query-input":{"@type":"PropertyValueSpecification","valueRequired":true,"valueName":"search_term_string"}}],"inLanguage":"en-US"},{"@type":"Organization","@id":"https:\/\/amsel.es\/en\/#organization","name":"Amsel Assessors","url":"https:\/\/amsel.es\/en\/","logo":{"@type":"ImageObject","inLanguage":"en-US","@id":"https:\/\/amsel.es\/en\/#\/schema\/logo\/image\/","url":"https:\/\/amsel.es\/wp-content\/uploads\/2023\/04\/logo3.png","contentUrl":"https:\/\/amsel.es\/wp-content\/uploads\/2023\/04\/logo3.png","width":199,"height":84,"caption":"Amsel Assessors"},"image":{"@id":"https:\/\/amsel.es\/en\/#\/schema\/logo\/image\/"}},{"@type":"Person","@id":"https:\/\/amsel.es\/en\/#\/schema\/person\/f585214e4001baae3be0354e81cfd40b","name":"Amsel","image":{"@type":"ImageObject","inLanguage":"en-US","@id":"https:\/\/amsel.es\/en\/#\/schema\/person\/image\/","url":"https:\/\/secure.gravatar.com\/avatar\/ce6659fda9a1106aed987dcc865b17b8341f7a1ec22ae0c91ac3d392a5be48bd?s=96&d=mm&r=g","contentUrl":"https:\/\/secure.gravatar.com\/avatar\/ce6659fda9a1106aed987dcc865b17b8341f7a1ec22ae0c91ac3d392a5be48bd?s=96&d=mm&r=g","caption":"Amsel"},"url":"https:\/\/amsel.es\/en\/author\/amsel\/"}]}},"_links":{"self":[{"href":"https:\/\/amsel.es\/en\/wp-json\/wp\/v2\/posts\/4742","targetHints":{"allow":["GET"]}}],"collection":[{"href":"https:\/\/amsel.es\/en\/wp-json\/wp\/v2\/posts"}],"about":[{"href":"https:\/\/amsel.es\/en\/wp-json\/wp\/v2\/types\/post"}],"author":[{"embeddable":true,"href":"https:\/\/amsel.es\/en\/wp-json\/wp\/v2\/users\/2"}],"replies":[{"embeddable":true,"href":"https:\/\/amsel.es\/en\/wp-json\/wp\/v2\/comments?post=4742"}],"version-history":[{"count":1,"href":"https:\/\/amsel.es\/en\/wp-json\/wp\/v2\/posts\/4742\/revisions"}],"predecessor-version":[{"id":4743,"href":"https:\/\/amsel.es\/en\/wp-json\/wp\/v2\/posts\/4742\/revisions\/4743"}],"wp:attachment":[{"href":"https:\/\/amsel.es\/en\/wp-json\/wp\/v2\/media?parent=4742"}],"wp:term":[{"taxonomy":"category","embeddable":true,"href":"https:\/\/amsel.es\/en\/wp-json\/wp\/v2\/categories?post=4742"},{"taxonomy":"post_tag","embeddable":true,"href":"https:\/\/amsel.es\/en\/wp-json\/wp\/v2\/tags?post=4742"}],"curies":[{"name":"wp","href":"https:\/\/api.w.org\/{rel}","templated":true}]}}